{"id":1510,"date":"2025-06-06T12:15:47","date_gmt":"2025-06-06T15:15:47","guid":{"rendered":"https:\/\/destino.marcospaz.gov.ar\/?p=1510"},"modified":"2025-06-06T12:15:47","modified_gmt":"2025-06-06T15:15:47","slug":"asociacion-espanola","status":"publish","type":"post","link":"https:\/\/destino.marcospaz.gov.ar\/index.php\/2025\/06\/06\/asociacion-espanola\/","title":{"rendered":"ASOCIACI\u00d3N ESPA\u00d1OLA"},"content":{"rendered":"<p>Fundada el 2 de septiembre de 1883, esta instituci\u00f3n naci\u00f3 para brindar apoyo a los inmigrantes espa\u00f1oles que llegaban a Marcos Paz, ofreciendo tambi\u00e9n servicios m\u00e9dicos y farmac\u00e9uticos. Fue una de las organizaciones pioneras del tejido social local. En 1927 construy\u00f3 un pante\u00f3n propio en el cementerio, reflejo del sentido de pertenencia y comunidad de sus miembros. Su sede sigue en pie como testimonio de una \u00e9poca marcada por la solidaridad y la organizaci\u00f3n entre vecinos.<\/p>\n","protected":false},"excerpt":{"rendered":"<p>Fundada el 2 de septiembre de 1883, esta instituci\u00f3n naci\u00f3 para brindar apoyo a los inmigrantes espa\u00f1oles que llegaban a Marcos Paz, ofreciendo tambi\u00e9n servicios m\u00e9dicos y farmac\u00e9uticos. Fue una de las organizaciones pioneras del tejido social local. En 1927 construy\u00f3 un pante\u00f3n propio en el cementerio, reflejo del sentido de pertenencia y comunidad de [&hellip;]<\/p>\n","protected":false},"author":2,"featured_media":1511,"comment_status":"open","ping_status":"open","sticky":false,"template":"","format":"standard","meta":{"_acf_changed":false,"footnotes":""},"categories":[45,25],"tags":[],"class_list":["post-1510","post","type-post","status-publish","format-standard","has-post-thumbnail","hentry","category-circuito-historico-y-patrimonio","category-punto-de-interes"],"acf":[],"_links":{"self":[{"href":"https:\/\/destino.marcospaz.gov.ar\/index.php\/wp-json\/wp\/v2\/posts\/1510","targetHints":{"allow":["GET"]}}],"collection":[{"href":"https:\/\/destino.marcospaz.gov.ar\/index.php\/wp-json\/wp\/v2\/posts"}],"about":[{"href":"https:\/\/destino.marcospaz.gov.ar\/index.php\/wp-json\/wp\/v2\/types\/post"}],"author":[{"embeddable":true,"href":"https:\/\/destino.marcospaz.gov.ar\/index.php\/wp-json\/wp\/v2\/users\/2"}],"replies":[{"embeddable":true,"href":"https:\/\/destino.marcospaz.gov.ar\/index.php\/wp-json\/wp\/v2\/comments?post=1510"}],"version-history":[{"count":1,"href":"https:\/\/destino.marcospaz.gov.ar\/index.php\/wp-json\/wp\/v2\/posts\/1510\/revisions"}],"predecessor-version":[{"id":1512,"href":"https:\/\/destino.marcospaz.gov.ar\/index.php\/wp-json\/wp\/v2\/posts\/1510\/revisions\/1512"}],"wp:featuredmedia":[{"embeddable":true,"href":"https:\/\/destino.marcospaz.gov.ar\/index.php\/wp-json\/wp\/v2\/media\/1511"}],"wp:attachment":[{"href":"https:\/\/destino.marcospaz.gov.ar\/index.php\/wp-json\/wp\/v2\/media?parent=1510"}],"wp:term":[{"taxonomy":"category","embeddable":true,"href":"https:\/\/destino.marcospaz.gov.ar\/index.php\/wp-json\/wp\/v2\/categories?post=1510"},{"taxonomy":"post_tag","embeddable":true,"href":"https:\/\/destino.marcospaz.gov.ar\/index.php\/wp-json\/wp\/v2\/tags?post=1510"}],"curies":[{"name":"wp","href":"https:\/\/api.w.org\/{rel}","templated":true}]}}